{"id":7755,"date":"2024-09-19T13:34:20","date_gmt":"2024-09-19T12:34:20","guid":{"rendered":"http:\/\/aventuriersdelamer.fr\/?p=7755"},"modified":"2024-09-21T10:44:19","modified_gmt":"2024-09-21T09:44:19","slug":"7755","status":"publish","type":"post","link":"https:\/\/aventuriersdelamer.fr\/index.php\/2024\/09\/19\/7755\/","title":{"rendered":"Antoine au Festival \u00e0 la rencontre inaugurale !"},"content":{"rendered":"<div id=\"pl-gb7755-69f7521125cb3\"  class=\"panel-layout\" ><div id=\"pg-gb7755-69f7521125cb3-0\"  class=\"panel-grid panel-no-style\" ><div id=\"pgc-gb7755-69f7521125cb3-0-0\"  class=\"panel-grid-cell\" ><div id=\"panel-gb7755-69f7521125cb3-0-0-0\" class=\"so-panel widget widget_sow-editor panel-first-child panel-last-child\" data-index=\"0\" ><div\n\t\t\t\n\t\t\tclass=\"so-widget-sow-editor so-widget-sow-editor-base\"\n\t\t\t\n\t\t>\n<div class=\"siteorigin-widget-tinymce textwidget\">\n\t<p><strong>Antoine : Cinquante ans \u00e0 la voile autour du Monde<\/strong><\/p>\n<p>Apr\u00e8s 8 ans de succ\u00e8s dans la chanson en France et en Italie, Antoine d\u00e9cide \u00e0 l\u2019\u00e2ge de trente ans de faire un tour du monde en solitaire : il le r\u00e9alise de 1974 \u00e0 1980 sur une go\u00e9lette \u00e0 coque acier,\u00a0Om, construite sur plans Michel Joubert chez META \u00e0 Tarare. Puis il participe, toujours \u00e0 Tarare, \u00e0 la conception d\u2019un sloop plus petit (10 m)\u00a0Voyage, en aluminium \u00e9pais (proc\u00e9d\u00e9 r\u00e9volutionnaire Strongall)sur plans Joubert\/Nivelt. De 1981 \u00e0 1988, il le m\u00e8ne au Br\u00e9sil, au Qu\u00e9bec \u00e0 Cuba puis en Polyn\u00e9sie ; en 1980, Antoine fait construire chez Prometa, filiale de Meta Yachts un catamaran en Strongall, Banana Split, sur lequel il a r\u00e9alis\u00e9 de 1989 \u00e0 1998 un tour du Monde, avant de regagner le Pacifique, o\u00f9 il navigue depuis plus de vingt ans, de la Polyn\u00e9sie \u00e0 la Nlle Cal\u00e9donie, \u00e0 l\u2019Australie et \u00e0 la Nouvelle-Z\u00e9lande, publiant chez Gallimard de nombreux albums photographiques et chez Warner Home Video de nombreux documentaires. En 2024, Gallimard publie la 4\u00e8me \u00e9dition du Guide pratique pour mettre les voiles avec Antoine.<br \/>\nAntoine vient de passer le cap des 80 ans et s\u2019il consacre une bonne partie de l\u2019ann\u00e9e \u00e0 une ferme d\u2019Auvergne qu\u2019il a achet\u00e9 en 1967 avec ses premiers droits d\u2019Auteur, il navigue le reste du temps sur els eaux du Pacifique ouest (Tonga, Fidji, Vanuatu, Nouvelle Z\u00e9lande, Australie) en attendant que Banana Split trouve un nouveau propri\u00e9taire pour l\u2019emmener de nouvelles aventures !<\/p>\n<p><a href=\"http:\/\/www.antoine.tv\">Contact<\/a><br \/>\nPr\u00e9sentation du livre d\u2019Antoine 4eme \u00e9dition enti\u00e8rement revue pour tenir compte des nombreux progr\u00e8s survenus dans l\u2019art de naviguer : <a href=\"http:\/\/www.http:\/\/antoine.tv\/site2016\/484_FR_mettre-les-voiles-avec-antoine\">Mettre les voiles avec Antoine<\/a><\/p>\n<\/div>\n<\/div><\/div><\/div><\/div><\/div>","protected":false},"excerpt":{"rendered":"<p>Antoine : Cinquante ans &agrave; la voile autour du Monde Apr&egrave;s 8 ans de succ&egrave;s dans la chanson en France et en Italie, Antoine d&eacute;cide &agrave; l&rsquo;&acirc;ge de trente ans de faire un tour du monde en solitaire : il &hellip; <a href=\"https:\/\/aventuriersdelamer.fr\/index.php\/2024\/09\/19\/7755\/\">Continuer la lecture <span class=\"meta-nav\">&rarr;<\/span><\/a><\/p>\n","protected":false},"author":1,"featured_media":7747,"comment_status":"closed","ping_status":"closed","sticky":false,"template":"","format":"standard","meta":{"footnotes":""},"categories":[1],"tags":[],"class_list":["post-7755","post","type-post","status-publish","format-standard","has-post-thumbnail","hentry","category-non-classe"],"yoast_head":"<!-- This site is optimized with the Yoast SEO plugin v27.3 - https:\/\/yoast.com\/product\/yoast-seo-wordpress\/ -->\n<title>Antoine au Festival \u00e0 la rencontre inaugurale ! - Festival Les Aventuriers de la Mer<\/title>\n<meta name=\"robots\" content=\"index, follow, max-snippet:-1, max-image-preview:large, max-video-preview:-1\" \/>\n<link rel=\"canonical\" href=\"https:\/\/aventuriersdelamer.fr\/index.php\/2024\/09\/19\/7755\/\" \/>\n<meta property=\"og:locale\" content=\"fr_FR\" \/>\n<meta property=\"og:type\" content=\"article\" \/>\n<meta property=\"og:title\" content=\"Antoine au Festival \u00e0 la rencontre inaugurale ! - Festival Les Aventuriers de la Mer\" \/>\n<meta property=\"og:description\" content=\"Antoine : Cinquante ans &agrave; la voile autour du Monde Apr&egrave;s 8 ans de succ&egrave;s dans la chanson en France et en Italie, Antoine d&eacute;cide &agrave; l&rsquo;&acirc;ge de trente ans de faire un tour du monde en solitaire : il &hellip; Continuer la lecture &rarr;\" \/>\n<meta property=\"og:url\" content=\"https:\/\/aventuriersdelamer.fr\/index.php\/2024\/09\/19\/7755\/\" \/>\n<meta property=\"og:site_name\" content=\"Festival Les Aventuriers de la Mer\" \/>\n<meta property=\"article:publisher\" content=\"https:\/\/www.facebook.com\/aventuriersdelamer\/\" \/>\n<meta property=\"article:published_time\" content=\"2024-09-19T12:34:20+00:00\" \/>\n<meta property=\"article:modified_time\" content=\"2024-09-21T09:44:19+00:00\" \/>\n<meta property=\"og:image\" content=\"https:\/\/aventuriersdelamer.fr\/wp-content\/uploads\/2024\/09\/antoine-portrait\u00a9iles.etaitune-fois.jpg\" \/>\n\t<meta property=\"og:image:width\" content=\"591\" \/>\n\t<meta property=\"og:image:height\" content=\"491\" \/>\n\t<meta property=\"og:image:type\" content=\"image\/jpeg\" \/>\n<meta name=\"author\" content=\"Sonia\" \/>\n<meta name=\"twitter:card\" content=\"summary_large_image\" \/>\n<meta name=\"twitter:label1\" content=\"\u00c9crit par\" \/>\n\t<meta name=\"twitter:data1\" content=\"Sonia\" \/>\n\t<meta name=\"twitter:label2\" content=\"Dur\u00e9e de lecture estim\u00e9e\" \/>\n\t<meta name=\"twitter:data2\" content=\"1 minute\" \/>\n<script type=\"application\/ld+json\" class=\"yoast-schema-graph\">{\"@context\":\"https:\\\/\\\/schema.org\",\"@graph\":[{\"@type\":\"Article\",\"@id\":\"https:\\\/\\\/aventuriersdelamer.fr\\\/index.php\\\/2024\\\/09\\\/19\\\/7755\\\/#article\",\"isPartOf\":{\"@id\":\"https:\\\/\\\/aventuriersdelamer.fr\\\/index.php\\\/2024\\\/09\\\/19\\\/7755\\\/\"},\"author\":{\"name\":\"Sonia\",\"@id\":\"https:\\\/\\\/aventuriersdelamer.fr\\\/#\\\/schema\\\/person\\\/c0839fcbe5867afd1d77046b711086dc\"},\"headline\":\"Antoine au Festival \u00e0 la rencontre inaugurale !\",\"datePublished\":\"2024-09-19T12:34:20+00:00\",\"dateModified\":\"2024-09-21T09:44:19+00:00\",\"mainEntityOfPage\":{\"@id\":\"https:\\\/\\\/aventuriersdelamer.fr\\\/index.php\\\/2024\\\/09\\\/19\\\/7755\\\/\"},\"wordCount\":289,\"publisher\":{\"@id\":\"https:\\\/\\\/aventuriersdelamer.fr\\\/#organization\"},\"image\":{\"@id\":\"https:\\\/\\\/aventuriersdelamer.fr\\\/index.php\\\/2024\\\/09\\\/19\\\/7755\\\/#primaryimage\"},\"thumbnailUrl\":\"https:\\\/\\\/aventuriersdelamer.fr\\\/wp-content\\\/uploads\\\/2024\\\/09\\\/antoine-portrait\u00a9iles.etaitune-fois.jpg\",\"inLanguage\":\"fr-FR\"},{\"@type\":\"WebPage\",\"@id\":\"https:\\\/\\\/aventuriersdelamer.fr\\\/index.php\\\/2024\\\/09\\\/19\\\/7755\\\/\",\"url\":\"https:\\\/\\\/aventuriersdelamer.fr\\\/index.php\\\/2024\\\/09\\\/19\\\/7755\\\/\",\"name\":\"Antoine au Festival \u00e0 la rencontre inaugurale ! - Festival Les Aventuriers de la Mer\",\"isPartOf\":{\"@id\":\"https:\\\/\\\/aventuriersdelamer.fr\\\/#website\"},\"primaryImageOfPage\":{\"@id\":\"https:\\\/\\\/aventuriersdelamer.fr\\\/index.php\\\/2024\\\/09\\\/19\\\/7755\\\/#primaryimage\"},\"image\":{\"@id\":\"https:\\\/\\\/aventuriersdelamer.fr\\\/index.php\\\/2024\\\/09\\\/19\\\/7755\\\/#primaryimage\"},\"thumbnailUrl\":\"https:\\\/\\\/aventuriersdelamer.fr\\\/wp-content\\\/uploads\\\/2024\\\/09\\\/antoine-portrait\u00a9iles.etaitune-fois.jpg\",\"datePublished\":\"2024-09-19T12:34:20+00:00\",\"dateModified\":\"2024-09-21T09:44:19+00:00\",\"breadcrumb\":{\"@id\":\"https:\\\/\\\/aventuriersdelamer.fr\\\/index.php\\\/2024\\\/09\\\/19\\\/7755\\\/#breadcrumb\"},\"inLanguage\":\"fr-FR\",\"potentialAction\":[{\"@type\":\"ReadAction\",\"target\":[\"https:\\\/\\\/aventuriersdelamer.fr\\\/index.php\\\/2024\\\/09\\\/19\\\/7755\\\/\"]}]},{\"@type\":\"ImageObject\",\"inLanguage\":\"fr-FR\",\"@id\":\"https:\\\/\\\/aventuriersdelamer.fr\\\/index.php\\\/2024\\\/09\\\/19\\\/7755\\\/#primaryimage\",\"url\":\"https:\\\/\\\/aventuriersdelamer.fr\\\/wp-content\\\/uploads\\\/2024\\\/09\\\/antoine-portrait\u00a9iles.etaitune-fois.jpg\",\"contentUrl\":\"https:\\\/\\\/aventuriersdelamer.fr\\\/wp-content\\\/uploads\\\/2024\\\/09\\\/antoine-portrait\u00a9iles.etaitune-fois.jpg\",\"width\":591,\"height\":491,\"caption\":\"Antoine\"},{\"@type\":\"BreadcrumbList\",\"@id\":\"https:\\\/\\\/aventuriersdelamer.fr\\\/index.php\\\/2024\\\/09\\\/19\\\/7755\\\/#breadcrumb\",\"itemListElement\":[{\"@type\":\"ListItem\",\"position\":1,\"name\":\"Accueil\",\"item\":\"https:\\\/\\\/aventuriersdelamer.fr\\\/\"},{\"@type\":\"ListItem\",\"position\":2,\"name\":\"Antoine au Festival \u00e0 la rencontre inaugurale !\"}]},{\"@type\":\"WebSite\",\"@id\":\"https:\\\/\\\/aventuriersdelamer.fr\\\/#website\",\"url\":\"https:\\\/\\\/aventuriersdelamer.fr\\\/\",\"name\":\"Festival Les Aventuriers de la Mer\",\"description\":\"Explorer, innover et enchanter le monde\",\"publisher\":{\"@id\":\"https:\\\/\\\/aventuriersdelamer.fr\\\/#organization\"},\"potentialAction\":[{\"@type\":\"SearchAction\",\"target\":{\"@type\":\"EntryPoint\",\"urlTemplate\":\"https:\\\/\\\/aventuriersdelamer.fr\\\/?s={search_term_string}\"},\"query-input\":{\"@type\":\"PropertyValueSpecification\",\"valueRequired\":true,\"valueName\":\"search_term_string\"}}],\"inLanguage\":\"fr-FR\"},{\"@type\":\"Organization\",\"@id\":\"https:\\\/\\\/aventuriersdelamer.fr\\\/#organization\",\"name\":\"Le Bruit du Vent\",\"url\":\"https:\\\/\\\/aventuriersdelamer.fr\\\/\",\"logo\":{\"@type\":\"ImageObject\",\"inLanguage\":\"fr-FR\",\"@id\":\"https:\\\/\\\/aventuriersdelamer.fr\\\/#\\\/schema\\\/logo\\\/image\\\/\",\"url\":\"https:\\\/\\\/aventuriersdelamer.fr\\\/wp-content\\\/uploads\\\/2016\\\/01\\\/4ECA575F-1CCB-41C9-AAC8-93902736151E.jpeg\",\"contentUrl\":\"https:\\\/\\\/aventuriersdelamer.fr\\\/wp-content\\\/uploads\\\/2016\\\/01\\\/4ECA575F-1CCB-41C9-AAC8-93902736151E.jpeg\",\"width\":222,\"height\":198,\"caption\":\"Le Bruit du Vent\"},\"image\":{\"@id\":\"https:\\\/\\\/aventuriersdelamer.fr\\\/#\\\/schema\\\/logo\\\/image\\\/\"},\"sameAs\":[\"https:\\\/\\\/www.facebook.com\\\/aventuriersdelamer\\\/\"]},{\"@type\":\"Person\",\"@id\":\"https:\\\/\\\/aventuriersdelamer.fr\\\/#\\\/schema\\\/person\\\/c0839fcbe5867afd1d77046b711086dc\",\"name\":\"Sonia\",\"image\":{\"@type\":\"ImageObject\",\"inLanguage\":\"fr-FR\",\"@id\":\"https:\\\/\\\/secure.gravatar.com\\\/avatar\\\/a134f27025b0ad81e579bc3f77e9b786cf65e31a26ec7e297a05dc102c1dfd2b?s=96&d=mm&r=g\",\"url\":\"https:\\\/\\\/secure.gravatar.com\\\/avatar\\\/a134f27025b0ad81e579bc3f77e9b786cf65e31a26ec7e297a05dc102c1dfd2b?s=96&d=mm&r=g\",\"contentUrl\":\"https:\\\/\\\/secure.gravatar.com\\\/avatar\\\/a134f27025b0ad81e579bc3f77e9b786cf65e31a26ec7e297a05dc102c1dfd2b?s=96&d=mm&r=g\",\"caption\":\"Sonia\"},\"url\":\"https:\\\/\\\/aventuriersdelamer.fr\\\/index.php\\\/author\\\/admin\\\/\"}]}<\/script>\n<!-- \/ Yoast SEO plugin. -->","yoast_head_json":{"title":"Antoine au Festival \u00e0 la rencontre inaugurale ! - Festival Les Aventuriers de la Mer","robots":{"index":"index","follow":"follow","max-snippet":"max-snippet:-1","max-image-preview":"max-image-preview:large","max-video-preview":"max-video-preview:-1"},"canonical":"https:\/\/aventuriersdelamer.fr\/index.php\/2024\/09\/19\/7755\/","og_locale":"fr_FR","og_type":"article","og_title":"Antoine au Festival \u00e0 la rencontre inaugurale ! - Festival Les Aventuriers de la Mer","og_description":"Antoine : Cinquante ans &agrave; la voile autour du Monde Apr&egrave;s 8 ans de succ&egrave;s dans la chanson en France et en Italie, Antoine d&eacute;cide &agrave; l&rsquo;&acirc;ge de trente ans de faire un tour du monde en solitaire : il &hellip; Continuer la lecture &rarr;","og_url":"https:\/\/aventuriersdelamer.fr\/index.php\/2024\/09\/19\/7755\/","og_site_name":"Festival Les Aventuriers de la Mer","article_publisher":"https:\/\/www.facebook.com\/aventuriersdelamer\/","article_published_time":"2024-09-19T12:34:20+00:00","article_modified_time":"2024-09-21T09:44:19+00:00","og_image":[{"width":591,"height":491,"url":"https:\/\/aventuriersdelamer.fr\/wp-content\/uploads\/2024\/09\/antoine-portrait\u00a9iles.etaitune-fois.jpg","type":"image\/jpeg"}],"author":"Sonia","twitter_card":"summary_large_image","twitter_misc":{"\u00c9crit par":"Sonia","Dur\u00e9e de lecture estim\u00e9e":"1 minute"},"schema":{"@context":"https:\/\/schema.org","@graph":[{"@type":"Article","@id":"https:\/\/aventuriersdelamer.fr\/index.php\/2024\/09\/19\/7755\/#article","isPartOf":{"@id":"https:\/\/aventuriersdelamer.fr\/index.php\/2024\/09\/19\/7755\/"},"author":{"name":"Sonia","@id":"https:\/\/aventuriersdelamer.fr\/#\/schema\/person\/c0839fcbe5867afd1d77046b711086dc"},"headline":"Antoine au Festival \u00e0 la rencontre inaugurale !","datePublished":"2024-09-19T12:34:20+00:00","dateModified":"2024-09-21T09:44:19+00:00","mainEntityOfPage":{"@id":"https:\/\/aventuriersdelamer.fr\/index.php\/2024\/09\/19\/7755\/"},"wordCount":289,"publisher":{"@id":"https:\/\/aventuriersdelamer.fr\/#organization"},"image":{"@id":"https:\/\/aventuriersdelamer.fr\/index.php\/2024\/09\/19\/7755\/#primaryimage"},"thumbnailUrl":"https:\/\/aventuriersdelamer.fr\/wp-content\/uploads\/2024\/09\/antoine-portrait\u00a9iles.etaitune-fois.jpg","inLanguage":"fr-FR"},{"@type":"WebPage","@id":"https:\/\/aventuriersdelamer.fr\/index.php\/2024\/09\/19\/7755\/","url":"https:\/\/aventuriersdelamer.fr\/index.php\/2024\/09\/19\/7755\/","name":"Antoine au Festival \u00e0 la rencontre inaugurale ! - Festival Les Aventuriers de la Mer","isPartOf":{"@id":"https:\/\/aventuriersdelamer.fr\/#website"},"primaryImageOfPage":{"@id":"https:\/\/aventuriersdelamer.fr\/index.php\/2024\/09\/19\/7755\/#primaryimage"},"image":{"@id":"https:\/\/aventuriersdelamer.fr\/index.php\/2024\/09\/19\/7755\/#primaryimage"},"thumbnailUrl":"https:\/\/aventuriersdelamer.fr\/wp-content\/uploads\/2024\/09\/antoine-portrait\u00a9iles.etaitune-fois.jpg","datePublished":"2024-09-19T12:34:20+00:00","dateModified":"2024-09-21T09:44:19+00:00","breadcrumb":{"@id":"https:\/\/aventuriersdelamer.fr\/index.php\/2024\/09\/19\/7755\/#breadcrumb"},"inLanguage":"fr-FR","potentialAction":[{"@type":"ReadAction","target":["https:\/\/aventuriersdelamer.fr\/index.php\/2024\/09\/19\/7755\/"]}]},{"@type":"ImageObject","inLanguage":"fr-FR","@id":"https:\/\/aventuriersdelamer.fr\/index.php\/2024\/09\/19\/7755\/#primaryimage","url":"https:\/\/aventuriersdelamer.fr\/wp-content\/uploads\/2024\/09\/antoine-portrait\u00a9iles.etaitune-fois.jpg","contentUrl":"https:\/\/aventuriersdelamer.fr\/wp-content\/uploads\/2024\/09\/antoine-portrait\u00a9iles.etaitune-fois.jpg","width":591,"height":491,"caption":"Antoine"},{"@type":"BreadcrumbList","@id":"https:\/\/aventuriersdelamer.fr\/index.php\/2024\/09\/19\/7755\/#breadcrumb","itemListElement":[{"@type":"ListItem","position":1,"name":"Accueil","item":"https:\/\/aventuriersdelamer.fr\/"},{"@type":"ListItem","position":2,"name":"Antoine au Festival \u00e0 la rencontre inaugurale !"}]},{"@type":"WebSite","@id":"https:\/\/aventuriersdelamer.fr\/#website","url":"https:\/\/aventuriersdelamer.fr\/","name":"Festival Les Aventuriers de la Mer","description":"Explorer, innover et enchanter le monde","publisher":{"@id":"https:\/\/aventuriersdelamer.fr\/#organization"},"potentialAction":[{"@type":"SearchAction","target":{"@type":"EntryPoint","urlTemplate":"https:\/\/aventuriersdelamer.fr\/?s={search_term_string}"},"query-input":{"@type":"PropertyValueSpecification","valueRequired":true,"valueName":"search_term_string"}}],"inLanguage":"fr-FR"},{"@type":"Organization","@id":"https:\/\/aventuriersdelamer.fr\/#organization","name":"Le Bruit du Vent","url":"https:\/\/aventuriersdelamer.fr\/","logo":{"@type":"ImageObject","inLanguage":"fr-FR","@id":"https:\/\/aventuriersdelamer.fr\/#\/schema\/logo\/image\/","url":"https:\/\/aventuriersdelamer.fr\/wp-content\/uploads\/2016\/01\/4ECA575F-1CCB-41C9-AAC8-93902736151E.jpeg","contentUrl":"https:\/\/aventuriersdelamer.fr\/wp-content\/uploads\/2016\/01\/4ECA575F-1CCB-41C9-AAC8-93902736151E.jpeg","width":222,"height":198,"caption":"Le Bruit du Vent"},"image":{"@id":"https:\/\/aventuriersdelamer.fr\/#\/schema\/logo\/image\/"},"sameAs":["https:\/\/www.facebook.com\/aventuriersdelamer\/"]},{"@type":"Person","@id":"https:\/\/aventuriersdelamer.fr\/#\/schema\/person\/c0839fcbe5867afd1d77046b711086dc","name":"Sonia","image":{"@type":"ImageObject","inLanguage":"fr-FR","@id":"https:\/\/secure.gravatar.com\/avatar\/a134f27025b0ad81e579bc3f77e9b786cf65e31a26ec7e297a05dc102c1dfd2b?s=96&d=mm&r=g","url":"https:\/\/secure.gravatar.com\/avatar\/a134f27025b0ad81e579bc3f77e9b786cf65e31a26ec7e297a05dc102c1dfd2b?s=96&d=mm&r=g","contentUrl":"https:\/\/secure.gravatar.com\/avatar\/a134f27025b0ad81e579bc3f77e9b786cf65e31a26ec7e297a05dc102c1dfd2b?s=96&d=mm&r=g","caption":"Sonia"},"url":"https:\/\/aventuriersdelamer.fr\/index.php\/author\/admin\/"}]}},"_links":{"self":[{"href":"https:\/\/aventuriersdelamer.fr\/index.php\/wp-json\/wp\/v2\/posts\/7755","targetHints":{"allow":["GET"]}}],"collection":[{"href":"https:\/\/aventuriersdelamer.fr\/index.php\/wp-json\/wp\/v2\/posts"}],"about":[{"href":"https:\/\/aventuriersdelamer.fr\/index.php\/wp-json\/wp\/v2\/types\/post"}],"author":[{"embeddable":true,"href":"https:\/\/aventuriersdelamer.fr\/index.php\/wp-json\/wp\/v2\/users\/1"}],"replies":[{"embeddable":true,"href":"https:\/\/aventuriersdelamer.fr\/index.php\/wp-json\/wp\/v2\/comments?post=7755"}],"version-history":[{"count":3,"href":"https:\/\/aventuriersdelamer.fr\/index.php\/wp-json\/wp\/v2\/posts\/7755\/revisions"}],"predecessor-version":[{"id":7767,"href":"https:\/\/aventuriersdelamer.fr\/index.php\/wp-json\/wp\/v2\/posts\/7755\/revisions\/7767"}],"wp:featuredmedia":[{"embeddable":true,"href":"https:\/\/aventuriersdelamer.fr\/index.php\/wp-json\/wp\/v2\/media\/7747"}],"wp:attachment":[{"href":"https:\/\/aventuriersdelamer.fr\/index.php\/wp-json\/wp\/v2\/media?parent=7755"}],"wp:term":[{"taxonomy":"category","embeddable":true,"href":"https:\/\/aventuriersdelamer.fr\/index.php\/wp-json\/wp\/v2\/categories?post=7755"},{"taxonomy":"post_tag","embeddable":true,"href":"https:\/\/aventuriersdelamer.fr\/index.php\/wp-json\/wp\/v2\/tags?post=7755"}],"curies":[{"name":"wp","href":"https:\/\/api.w.org\/{rel}","templated":true}]}}